{"id":1000,"date":"2024-11-11T17:16:27","date_gmt":"2024-11-11T17:16:27","guid":{"rendered":"https:\/\/grupobrmed.com.br\/blog\/?p=1000"},"modified":"2025-06-12T14:07:06","modified_gmt":"2025-06-12T14:07:06","slug":"ler-dort-afetam-produtividade-de-profissionais-no-brasil","status":"publish","type":"post","link":"https:\/\/grupobrmed.com.br\/blog\/ler-dort-afetam-produtividade-de-profissionais-no-brasil\/","title":{"rendered":"LER\/DORT: Como les\u00f5es ocupacionais comprometem a produtividade no Brasil"},"content":{"rendered":"\n<p>As <strong>Les\u00f5es por Esfor\u00e7os Repetitivos (LER)<\/strong> e os <strong>Dist\u00farbios Osteomusculares Relacionados ao Trabalho (DORT)<\/strong> representam um dos maiores desafios de <a href=\"https:\/\/grupobrmed.com.br\/blog\/saude-ocupacional\/\">Sa\u00fade Ocupacional<\/a> no Brasil. Esses problemas, caracterizados por inflama\u00e7\u00f5es e dores intensas nos m\u00fasculos, tend\u00f5es e nervos, t\u00eam afetado milhares de trabalhadores brasileiros, especialmente aqueles que realizam atividades repetitivas e que permanecem com posturas inadequadas por muito tempo. Segundo dados do Instituto Nacional do Seguro Social (INSS), as LER\/DORT s\u00e3o respons\u00e1veis por uma alta taxa de afastamento do trabalho, impactando diretamente as empresas e economia do pa\u00eds.<\/p>\n\n\n\n<h2 class=\"wp-block-heading\"><strong>O que s\u00e3o LER\/DORT?&nbsp;<\/strong><\/h2>\n\n\n\n<p>LER e DORT s\u00e3o termos que se referem a les\u00f5es causadas por atividades repetitivas, e apesar de serem confundidos, existe uma diferen\u00e7a t\u00e9cnica:<strong> enquanto LER \u00e9 um termo mais antigo, DORT foi adotado para incluir uma gama mais ampla de problemas osteomusculares causados pelo trabalho<\/strong>. Ambos abrangem dor, fraqueza, formigamento e at\u00e9 perda de mobilidade, que podem ocorrer nas m\u00e3os, bra\u00e7os, ombros, pesco\u00e7o e regi\u00e3o lombar. Essas les\u00f5es s\u00e3o comuns em trabalhadores de setores como ind\u00fastria, escrit\u00f3rios, sa\u00fade e tecnologia, nos quais atividades como digitar, montar pe\u00e7as, ou operar m\u00e1quinas s\u00e3o constantes. Em um pa\u00eds em que o mercado de trabalho exige cada vez mais produtividade, a incid\u00eancia de LER\/DORT tem aumentado de forma alarmante.<\/p>\n\n\n\n<h2 class=\"wp-block-heading\"><strong><strong>Quais s\u00e3o as principais causas de LER e DORT no ambiente de trabalho?<\/strong><\/strong><\/h2>\n\n\n\n<p>As LER\/DORT s\u00e3o multifatoriais, resultando da combina\u00e7\u00e3o de diversos elementos presentes no ambiente de trabalho. Entre as principais causas, destacam-se: <strong>movimentos repetitivos<\/strong>, que sobrecarregam m\u00fasculos e tend\u00f5es; <strong>posturas inadequadas<\/strong>, que geram tens\u00e3o e compress\u00e3o em estruturas musculoesquel\u00e9ticas; <strong>esfor\u00e7o excessivo<\/strong>, especialmente em atividades que exigem for\u00e7a ou levantamento de peso; <strong>press\u00e3o psicol\u00f3gica e estresse<\/strong>, que podem aumentar a tens\u00e3o muscular e a percep\u00e7\u00e3o da dor; e <strong>falta de pausas e recupera\u00e7\u00e3o<\/strong>, impedindo que o corpo se recupere do esfor\u00e7o.&nbsp;<\/p>\n\n\n\n<p>Al\u00e9m disso, a <strong>organiza\u00e7\u00e3o do trabalho<\/strong>, como ritmo acelerado, metas de produ\u00e7\u00e3o elevadas e falta de autonomia, tamb\u00e9m contribui significativamente para o desenvolvimento dessas les\u00f5es. A intera\u00e7\u00e3o desses fatores cria um cen\u00e1rio prop\u00edcio para o surgimento e agravamento das LER\/DORT, impactando a sa\u00fade e a produtividade dos trabalhadores.<\/p>\n\n\n\n<h2 class=\"wp-block-heading\"><strong>Quais s\u00e3o os sintomas e diagn\u00f3stico?<\/strong><\/h2>\n\n\n\n<h3 class=\"wp-block-heading\"><strong>Sinais iniciais e progress\u00e3o das les\u00f5es<\/strong><\/h3>\n\n\n\n<p>Os sintomas das LER\/DORT podem surgir de forma gradual e, muitas vezes, s\u00e3o inicialmente ignorados pelos trabalhadores. Os sinais mais comuns incluem <strong>dor, formigamento, dorm\u00eancia, incha\u00e7o, fadiga e fraqueza muscular nas \u00e1reas afetadas<\/strong>, como m\u00e3os, punhos, cotovelos, ombros, pesco\u00e7o e coluna. No in\u00edcio, esses sintomas podem ser intermitentes, surgindo apenas durante ou ap\u00f3s a realiza\u00e7\u00e3o de atividades repetitivas.&nbsp;<\/p>\n\n\n\n<p>No entanto, sem a devida aten\u00e7\u00e3o e interven\u00e7\u00e3o, a dor pode se tornar cr\u00f4nica, persistente e incapacitante, afetando a qualidade de vida e a capacidade de trabalho do indiv\u00edduo. A progress\u00e3o das les\u00f5es pode levar a inflama\u00e7\u00f5es mais severas, perda de for\u00e7a e mobilidade, e em casos avan\u00e7ados, at\u00e9 mesmo a deformidades e atrofia muscular.<\/p>\n\n\n\n<h3 class=\"wp-block-heading\"><strong>M\u00e9todos de diagn\u00f3stico cl\u00ednico e ocupacional<\/strong><\/h3>\n\n\n\n<p>O diagn\u00f3stico das LER\/DORT \u00e9 essencialmente cl\u00ednico, baseado na hist\u00f3ria detalhada do paciente, incluindo suas atividades laborais, e em um exame f\u00edsico minucioso. O m\u00e9dico ir\u00e1 avaliar a presen\u00e7a de dor \u00e0 palpa\u00e7\u00e3o, limita\u00e7\u00e3o de movimentos, incha\u00e7o e outros sinais inflamat\u00f3rios. Exames complementares, como ultrassonografia, resson\u00e2ncia magn\u00e9tica e eletroneuromiografia, podem ser solicitados para confirmar o diagn\u00f3stico, avaliar a extens\u00e3o da les\u00e3o e descartar outras condi\u00e7\u00f5es.&nbsp;<\/p>\n\n\n\n<p><strong>No contexto ocupacional, a An\u00e1lise Ergon\u00f4mica do Trabalho (AET) desempenha um papel crucial<\/strong>, identificando os fatores de risco presentes no ambiente de trabalho que podem estar contribuindo para o desenvolvimento das les\u00f5es. Essa abordagem multidisciplinar \u00e9 fundamental para um diagn\u00f3stico preciso e para a elabora\u00e7\u00e3o de um plano de tratamento e preven\u00e7\u00e3o eficaz.<\/p>\n\n\n\n<h3 class=\"wp-block-heading\"><strong>Import\u00e2ncia do diagn\u00f3stico precoce<\/strong><\/h3>\n\n\n\n<p>O diagn\u00f3stico precoce das LER\/DORT \u00e9 de suma import\u00e2ncia para o sucesso do tratamento e para evitar a progress\u00e3o da doen\u00e7a. <strong>Quanto antes a condi\u00e7\u00e3o for identificada, maiores as chances de recupera\u00e7\u00e3o completa e de preven\u00e7\u00e3o de danos permanentes<\/strong>. Al\u00e9m disso, o diagn\u00f3stico precoce permite a implementa\u00e7\u00e3o de medidas preventivas no ambiente de trabalho, como ajustes ergon\u00f4micos e pausas programadas, que podem evitar que outros trabalhadores desenvolvam as mesmas les\u00f5es.&nbsp;<\/p>\n\n\n\n<h2 class=\"wp-block-heading\"><strong>Impacto das LER\/DORT na produtividade profissional<\/strong><\/h2>\n\n\n\n<h3 class=\"wp-block-heading\"><strong>Dados estat\u00edsticos no Brasil<\/strong><\/h3>\n\n\n\n<p>As LER\/DORT representam um grave problema de sa\u00fade p\u00fablica e ocupacional no Brasil, com um impacto significativo na produtividade e na economia do pa\u00eds. Segundo dados da <a href=\"https:\/\/www.gov.br\/previdencia\/pt-br\" target=\"_blank\" rel=\"noopener\">Previd\u00eancia Social<\/a>, essas les\u00f5es est\u00e3o entre as principais causas de afastamento de trabalhadores, representando uma parcela consider\u00e1vel dos casos de doen\u00e7as ocupacionais. <strong>Em 2023, mais de 10 mil trabalhadores brasileiros se afastaram do trabalho devido a doen\u00e7as relacionadas a LER\/DORT<\/strong>, gerando um impacto financeiro substancial para o sistema previdenci\u00e1rio e para as empresas.&nbsp;<\/p>\n\n\n\n<p>Os n\u00fameros revelam ainda que as mulheres s\u00e3o mais afetadas do que os homens, especialmente aquelas que atuam em fun\u00e7\u00f5es administrativas e operacionais, onde o uso repetitivo de computadores e movimentos repetitivos s\u00e3o frequentes. O tratamento dessas les\u00f5es pode se estender por meses ou at\u00e9 anos, dependendo da gravidade, e muitos trabalhadores n\u00e3o conseguem retomar o mesmo n\u00edvel de produtividade anterior \u00e0 les\u00e3o, resultando em perdas de capital humano e financeiro.<\/p>\n\n\n\n<h3 class=\"wp-block-heading\"><strong>Setores mais afetados<\/strong><\/h3>\n\n\n\n<p>As LER\/DORT n\u00e3o se restringem a um \u00fanico setor, mas s\u00e3o mais prevalentes em atividades que envolvem movimentos repetitivos, posturas inadequadas e esfor\u00e7o f\u00edsico cont\u00ednuo. Entre os setores mais afetados, destacam-se a <strong>ind\u00fastria<\/strong>, especialmente em linhas de montagem e produ\u00e7\u00e3o; o <strong>setor de servi\u00e7os<\/strong>, com destaque para operadores de telemarketing, digitadores e profissionais de escrit\u00f3rio; a <strong>\u00e1rea da sa\u00fade<\/strong>, onde enfermeiros e t\u00e9cnicos realizam movimentos repetitivos e carregam pesos; e o <strong>com\u00e9rcio<\/strong>, com caixas e repositores de estoque.<\/p>\n\n\n\n<h3 class=\"wp-block-heading\"><strong>Consequ\u00eancias para empresas e economia<\/strong><\/h3>\n\n\n\n<p>O impacto das LER\/DORT vai muito al\u00e9m da sa\u00fade individual do trabalhador, gerando consequ\u00eancias severas para as empresas e para a economia nacional. <strong>Para as empresas, as les\u00f5es resultam em aumento dos custos com afastamentos, tratamentos m\u00e9dicos, readapta\u00e7\u00e3o profissional e, em alguns casos, indeniza\u00e7\u00f5es<\/strong>. Al\u00e9m disso, h\u00e1 uma queda na produtividade devido \u00e0 aus\u00eancia de funcion\u00e1rios, \u00e0 necessidade de treinamento de novos colaboradores e \u00e0 perda de experi\u00eancia e conhecimento.&nbsp;<\/p>\n\n\n\n<p>A imagem da empresa tamb\u00e9m pode ser prejudicada, afetando a moral dos funcion\u00e1rios e a capacidade de atrair novos talentos. Em n\u00edvel macroecon\u00f4mico, o grande n\u00famero de afastamentos por LER\/DORT sobrecarrega o sistema de sa\u00fade e a Previd\u00eancia Social, gerando gastos p\u00fablicos elevados e impactando o crescimento do Produto Interno Bruto (PIB).&nbsp;<\/p>\n\n\n\n<h2 class=\"wp-block-heading\"><strong>Preven\u00e7\u00e3o e boas pr\u00e1ticas no ambiente de trabalho<\/strong><\/h2>\n\n\n\n<h3 class=\"wp-block-heading\"><strong>Ergonomia e adapta\u00e7\u00e3o do posto de trabalho<\/strong><\/h3>\n\n\n\n<p>A ergonomia \u00e9 a ci\u00eancia que estuda a rela\u00e7\u00e3o entre o homem e seu ambiente de trabalho, buscando otimizar as condi\u00e7\u00f5es para promover conforto, seguran\u00e7a e efici\u00eancia. No contexto da preven\u00e7\u00e3o de LER\/DORT, a adapta\u00e7\u00e3o do posto de trabalho \u00e9 fundamental. Isso inclui o uso de cadeiras ergon\u00f4micas com bom suporte lombar, mesas com altura ajust\u00e1vel, monitores na altura dos olhos, teclados e mouses que permitam uma postura neutra dos punhos.&nbsp;<\/p>\n\n\n\n<p>A organiza\u00e7\u00e3o do espa\u00e7o de trabalho, mantendo objetos de uso frequente ao alcance das m\u00e3os, tamb\u00e9m contribui para evitar movimentos desnecess\u00e1rios e posturas inadequadas.<strong> Investir em ergonomia n\u00e3o \u00e9 apenas uma quest\u00e3o de sa\u00fade, mas tamb\u00e9m de produtividade<\/strong>, pois um ambiente de trabalho adequado reduz a fadiga e o desconforto, permitindo que o trabalhador execute suas tarefas de forma mais eficiente.<\/p>\n\n\n\n<h3 class=\"wp-block-heading\"><strong>Programas de pausas e exerc\u00edcios laborais<\/strong><\/h3>\n\n\n\n<p>Mesmo com um posto de trabalho ergon\u00f4mico, a realiza\u00e7\u00e3o de pausas regulares e exerc\u00edcios laborais \u00e9 crucial para prevenir LER\/DORT. <strong>As pausas permitem que os m\u00fasculos e tend\u00f5es descansem e se recuperem do esfor\u00e7o repetitivo<\/strong>, al\u00e9m de promover a circula\u00e7\u00e3o sangu\u00ednea. Recomenda-se que os trabalhadores fa\u00e7am pequenas pausas a cada 50 minutos de atividade cont\u00ednua, levantando-se, caminhando um pouco e realizando alongamentos.<\/p>\n\n\n\n<p>Os exerc\u00edcios laborais, que podem ser feitos no pr\u00f3prio local de trabalho, visam alongar e fortalecer os m\u00fasculos mais utilizados, al\u00e9m de melhorar a postura e a consci\u00eancia corporal.<\/p>\n\n\n\n<h3 class=\"wp-block-heading\"><strong>Treinamentos e conscientiza\u00e7\u00e3o dos colaboradores<\/strong><\/h3>\n\n\n\n<p>A preven\u00e7\u00e3o de LER\/DORT n\u00e3o depende apenas de equipamentos e programas, mas tamb\u00e9m da conscientiza\u00e7\u00e3o e do engajamento dos trabalhadores. <strong>Treinamentos regulares sobre ergonomia, postura correta, t\u00e9cnicas de levantamento de peso e a import\u00e2ncia das pausas s\u00e3o essenciais<\/strong>. Os colaboradores precisam entender os riscos associados \u00e0s suas atividades e como podem adotar h\u00e1bitos saud\u00e1veis para proteger sua sa\u00fade.&nbsp;<\/p>\n\n\n\n<p>A conscientiza\u00e7\u00e3o tamb\u00e9m envolve a cria\u00e7\u00e3o de uma cultura organizacional que valorize a sa\u00fade e a seguran\u00e7a, incentivando os trabalhadores a reportarem qualquer desconforto ou sintoma precocemente. Quando os colaboradores se sentem parte do processo de preven\u00e7\u00e3o, as chances de sucesso s\u00e3o muito maiores, resultando em um ambiente de trabalho mais saud\u00e1vel e produtivo para todos.<\/p>\n\n\n\n<h2 class=\"wp-block-heading\"><strong>Legisla\u00e7\u00e3o e direitos trabalhistas<\/strong><\/h2>\n\n\n\n<h3 class=\"wp-block-heading\"><strong>Normas regulamentadoras relacionadas<\/strong><\/h3>\n\n\n\n<p>No Brasil, a Sa\u00fade e Seguran\u00e7a do Trabalho s\u00e3o regulamentadas por diversas <a href=\"https:\/\/grupobrmed.com.br\/blog\/normas-regulamentadoras\/\">Normas Regulamentadoras (NRs)<\/a> do Minist\u00e9rio do Trabalho e Emprego. A NR-17, especificamente, trata da ergonomia, estabelecendo par\u00e2metros que visam adaptar as condi\u00e7\u00f5es de trabalho \u00e0s caracter\u00edsticas psicofisiol\u00f3gicas dos trabalhadores, de modo a proporcionar o m\u00e1ximo de conforto, seguran\u00e7a e desempenho eficiente. Ela aborda aspectos como mobili\u00e1rio, equipamentos, condi\u00e7\u00f5es ambientais de trabalho e a organiza\u00e7\u00e3o do trabalho.&nbsp;<\/p>\n\n\n\n<p><strong>O cumprimento da NR-17 \u00e9 fundamental para prevenir LER\/DORT e garantir um ambiente de trabalho saud\u00e1vel<\/strong>. Al\u00e9m disso, outras NRs, como a <a href=\"https:\/\/grupobrmed.com.br\/blog\/pcmso-conheca-a-sua-importancia-e-as-solucoes-que-a-br-med-oferece\/\">NR-7 (Programa de Controle M\u00e9dico de Sa\u00fade Ocupacional &#8211; PCMSO)<\/a> e a NR-9 (Programa de Preven\u00e7\u00e3o de Riscos Ambientais &#8211; PPRA), tamb\u00e9m s\u00e3o importantes, pois estabelecem a obrigatoriedade de exames m\u00e9dicos peri\u00f3dicos e a identifica\u00e7\u00e3o e controle de riscos ambientais que podem levar ao desenvolvimento de <a href=\"https:\/\/grupobrmed.com.br\/blog\/o-que-sao-doencas-ocupacionais\/\">doen\u00e7as ocupacionais<\/a>.<\/p>\n\n\n\n<h3 class=\"wp-block-heading\"><strong>Direitos do trabalhador acometido por LER\/DORT<\/strong><\/h3>\n\n\n\n<p>O trabalhador que desenvolve LER\/DORT em decorr\u00eancia de suas atividades laborais possui uma s\u00e9rie de direitos assegurados pela legisla\u00e7\u00e3o brasileira. Entre eles, <strong>destacam-se o<\/strong> <strong>direito ao afastamento do trabalho com recebimento de aux\u00edlio-doen\u00e7a acident\u00e1rio (B91) pelo <\/strong><a href=\"https:\/\/www.gov.br\/inss\/pt-br\" target=\"_blank\" rel=\"noopener\"><strong>INSS<\/strong><\/a>, que garante a estabilidade no emprego por 12 meses ap\u00f3s o retorno ao trabalho. Em casos de sequelas permanentes que reduzam a capacidade de trabalho, o trabalhador pode ter direito ao aux\u00edlio-acidente.&nbsp;<\/p>\n\n\n\n<p>Al\u00e9m disso, a empresa pode ser responsabilizada civilmente por danos morais e materiais, caso seja comprovada sua culpa ou dolo no desenvolvimento da doen\u00e7a. \u00c9 fundamental que o trabalhador busque orienta\u00e7\u00e3o jur\u00eddica e m\u00e9dica para garantir o acesso a todos os seus direitos e a devida repara\u00e7\u00e3o pelos danos sofridos.<\/p>\n\n\n\n<h3 class=\"wp-block-heading\"><strong>Responsabilidades do empregador<\/strong><\/h3>\n\n\n\n<p>Os empregadores t\u00eam responsabilidades claras na preven\u00e7\u00e3o e gest\u00e3o das LER\/DORT. A legisla\u00e7\u00e3o brasileira, por meio das NRs e da Consolida\u00e7\u00e3o das Leis do Trabalho (CLT), imp\u00f5e a eles o dever de garantir um ambiente de trabalho seguro e saud\u00e1vel. Isso inclui a realiza\u00e7\u00e3o da AET, a implementa\u00e7\u00e3o de medidas de controle dos riscos ergon\u00f4micos, o fornecimento de mobili\u00e1rio e equipamentos adequados, a promo\u00e7\u00e3o de treinamentos e a conscientiza\u00e7\u00e3o dos trabalhadores.&nbsp;<\/p>\n\n\n\n<p>Em caso de desenvolvimento de LER\/DORT,<strong> o empregador deve emitir a Comunica\u00e7\u00e3o de Acidente de Trabalho (CAT)<\/strong>, encaminhar o trabalhador para tratamento m\u00e9dico e, se necess\u00e1rio, promover sua reabilita\u00e7\u00e3o profissional. O n\u00e3o cumprimento dessas responsabilidades pode acarretar em multas, processos trabalhistas e indeniza\u00e7\u00f5es, al\u00e9m de prejudicar a imagem e a produtividade da empresa.<\/p>\n\n\n\n<h2 class=\"wp-block-heading\"><strong>Como a BR MED pode ajudar a sua empresa?<\/strong><\/h2>\n\n\n\n<p>A BR MED se posiciona como uma parceira estrat\u00e9gica na gest\u00e3o de Sa\u00fade Ocupacional, oferecendo solu\u00e7\u00f5es completas para auxiliar as empresas na preven\u00e7\u00e3o e mitiga\u00e7\u00e3o das LER\/DORT. <strong>Atrav\u00e9s de uma abordagem integrada, a BR MED disponibiliza servi\u00e7os como a An\u00e1lise Ergon\u00f4mica do Trabalho<\/strong>, que permite identificar e corrigir poss\u00edveis riscos ergon\u00f4micos nos postos de trabalho, assegurando um ambiente mais seguro e produtivo para os colaboradores.<\/p>\n\n\n\n<p><br>Com o suporte da <a href=\"https:\/\/grupobrmed.com.br\/\">BR MED<\/a>, as empresas podem n\u00e3o apenas cumprir a legisla\u00e7\u00e3o trabalhista vigente, mas tamb\u00e9m promover o bem-estar de seus colaboradores, reduzir o n\u00famero de afastamentos por doen\u00e7as ocupacionais e, consequentemente, otimizar a produtividade e a sustentabilidade de seus neg\u00f3cios. <a href=\"https:\/\/grupobrmed.com.br\/nossos-servicos\">Clique aqui<\/a> e saiba mais.<\/p>\n","protected":false},"excerpt":{"rendered":"<p>LER\/DORT afetam milhares de trabalhadores no Brasil, causando dores e afastamentos. A preven\u00e7\u00e3o, com ergonomia e pausas, \u00e9 essencial para proteger a sa\u00fade e a produtividade.<\/p>\n","protected":false},"author":1,"featured_media":1001,"comment_status":"open","ping_status":"open","sticky":false,"template":"","format":"standard","meta":{"footnotes":""},"categories":[13],"tags":[134,65,100,90,127,101,102,42,122,31],"_links":{"self":[{"href":"https:\/\/grupobrmed.com.br\/blog\/wp-json\/wp\/v2\/posts\/1000"}],"collection":[{"href":"https:\/\/grupobrmed.com.br\/blog\/wp-json\/wp\/v2\/posts"}],"about":[{"href":"https:\/\/grupobrmed.com.br\/blog\/wp-json\/wp\/v2\/types\/post"}],"author":[{"embeddable":true,"href":"https:\/\/grupobrmed.com.br\/blog\/wp-json\/wp\/v2\/users\/1"}],"replies":[{"embeddable":true,"href":"https:\/\/grupobrmed.com.br\/blog\/wp-json\/wp\/v2\/comments?post=1000"}],"version-history":[{"count":5,"href":"https:\/\/grupobrmed.com.br\/blog\/wp-json\/wp\/v2\/posts\/1000\/revisions"}],"predecessor-version":[{"id":1359,"href":"https:\/\/grupobrmed.com.br\/blog\/wp-json\/wp\/v2\/posts\/1000\/revisions\/1359"}],"wp:featuredmedia":[{"embeddable":true,"href":"https:\/\/grupobrmed.com.br\/blog\/wp-json\/wp\/v2\/media\/1001"}],"wp:attachment":[{"href":"https:\/\/grupobrmed.com.br\/blog\/wp-json\/wp\/v2\/media?parent=1000"}],"wp:term":[{"taxonomy":"category","embeddable":true,"href":"https:\/\/grupobrmed.com.br\/blog\/wp-json\/wp\/v2\/categories?post=1000"},{"taxonomy":"post_tag","embeddable":true,"href":"https:\/\/grupobrmed.com.br\/blog\/wp-json\/wp\/v2\/tags?post=1000"}],"curies":[{"name":"wp","href":"https:\/\/api.w.org\/{rel}","templated":true}]}}