{"id":1608,"date":"2026-03-16T20:53:20","date_gmt":"2026-03-16T20:53:20","guid":{"rendered":"https:\/\/grupobrmed.com.br\/blog\/?p=1608"},"modified":"2026-03-16T20:53:26","modified_gmt":"2026-03-16T20:53:26","slug":"nr-1-e-os-beneficios-do-planejamento-antecipado","status":"publish","type":"post","link":"https:\/\/grupobrmed.com.br\/blog\/nr-1-e-os-beneficios-do-planejamento-antecipado\/","title":{"rendered":"Por que antecipar a adequa\u00e7\u00e3o \u00e0 NR-1 pode gerar vantagem competitiva para sua empresa"},"content":{"rendered":"\n<p>A contagem regressiva est\u00e1 na reta final. A partir de <strong>26 de maio de 2026<\/strong>, a atualiza\u00e7\u00e3o da <a href=\"https:\/\/grupobrmed.com.br\/blog\/nr1-saude-mental\/\"><strong>NR-1<\/strong><\/a> entra em plena vig\u00eancia, consolidando a obrigatoriedade de incluir os <strong>riscos psicossociais<\/strong> no <a href=\"https:\/\/grupobrmed.com.br\/blog\/pgr-como-elaborar-programa-de-gerenciamento\/\">Programa de Gerenciamento de Riscos (PGR)<\/a>. A proximidade do prazo acende um alerta importante para todas as empresas: sua organiza\u00e7\u00e3o est\u00e1 agindo ou apenas esperando?<\/p>\n\n\n\n<p>Enquanto muitas organiza\u00e7\u00f5es ainda encaram a mudan\u00e7a como mais um item em um longo checklist de conformidade, gestores estrat\u00e9gicos j\u00e1 perceberam que a antecipa\u00e7\u00e3o \u00e9 uma jogada de mestre. Ir al\u00e9m da obriga\u00e7\u00e3o legal n\u00e3o apenas protege o neg\u00f3cio de san\u00e7\u00f5es pesadas, mas desbloqueia uma s\u00e9rie de benef\u00edcios que geram uma <strong>vantagem competitiva real e sustent\u00e1vel<\/strong>. Neste artigo, vamos aprofundar por que agir agora, com planejamento, \u00e9 a decis\u00e3o mais inteligente para o futuro da sua empresa.&nbsp;<\/p>\n\n\n\n<h3 class=\"wp-block-heading\"><strong>O custo da in\u00e9rcia: um risco que sua empresa n\u00e3o pode correr<\/strong><\/h3>\n\n\n\n<p>Com o prazo se esgotando, \u00e9 crucial ter clareza sobre o custo da ina\u00e7\u00e3o. A n\u00e3o conformidade com a <a href=\"https:\/\/grupobrmed.com.br\/nr-1\">NR-1<\/a> pode resultar em multas pesadas aplicadas pelo Minist\u00e9rio do Trabalho, cujos valores variam conforme o porte da empresa e a gravidade da infra\u00e7\u00e3o. Mas o impacto financeiro vai muito al\u00e9m da autua\u00e7\u00e3o em si.<\/p>\n\n\n\n<p>O adoecimento mental relacionado ao trabalho n\u00e3o \u00e9 mais uma teoria distante, \u00e9 uma realidade estat\u00edstica que bate \u00e0 porta de qualquer organiza\u00e7\u00e3o. Em 2025, o Brasil bateu o recorde de afastamentos por <a href=\"https:\/\/grupobrmed.com.br\/blog\/programa-de-saude-mental-da-br-med\/\">sa\u00fade mental<\/a>, com mais de <strong>546 mil casos<\/strong>, e o custo para o INSS com aux\u00edlios por transtornos mentais e comportamentais chegou a quase R$ 1 bilh\u00e3o, um aumento de quase 80% em apenas dois anos. Cada um desses afastamentos representa, para a empresa, um preju\u00edzo em perda de produtividade, custos com substitui\u00e7\u00e3o tempor\u00e1ria, sobrecarga das equipes remanescentes e, inevitavelmente, um impacto negativo na moral de todos.<\/p>\n\n\n\n<p>H\u00e1 ainda o risco jur\u00eddico. A Justi\u00e7a do Trabalho tem se mostrado cada vez mais atenta a a\u00e7\u00f5es que envolvem adoecimento mental por condi\u00e7\u00f5es de trabalho inadequadas, resultando em indeniza\u00e7\u00f5es por danos morais e materiais que podem atingir cifras significativas. Sem falar no aumento do <strong>Fator Acident\u00e1rio de Preven\u00e7\u00e3o (FAP)<\/strong>, que encarece diretamente a folha de pagamento. Ignorar os <a href=\"https:\/\/grupobrmed.com.br\/blog\/gestao-riscos-psicossociais-setor-offshore\/\">riscos psicossociais<\/a> \u00e9, literalmente, deixar a porta aberta para um preju\u00edzo financeiro e de reputa\u00e7\u00e3o que poderia ser evitado.<\/p>\n\n\n\n<h3 class=\"wp-block-heading\"><strong>A vantagem competitiva de quem sai na frente<\/strong><\/h3>\n\n\n\n<p>O foco, contudo, deve estar no lado positivo. Empresas que se antecipam n\u00e3o est\u00e3o apenas se defendendo de riscos; elas est\u00e3o ativamente construindo um neg\u00f3cio mais forte, mais atrativo e mais preparado para o futuro. A adequa\u00e7\u00e3o planejada \u00e0 <a href=\"https:\/\/grupobrmed.com.br\/blog\/nr1-saude-mental\/\">NR-1<\/a> \u00e9 um investimento com retorno vis\u00edvel em m\u00faltiplas frentes.<\/p>\n\n\n\n<h4 class=\"wp-block-heading\"><strong>Clima organizacional que ret\u00e9m e atrai<\/strong><\/h4>\n\n\n\n<p>Um ambiente de trabalho que leva a sa\u00fade mental a s\u00e9rio se torna um \u00edm\u00e3 de talentos. Ao implementar um <a href=\"https:\/\/grupobrmed.com.br\/blog\/mudancas-no-pgr-e-atualizacao-da-nr-1\/\">PGR<\/a> que de fato avalia e mitiga fatores como estresse cr\u00f4nico, sobrecarga e falta de autonomia, sua empresa sinaliza para o mercado que valoriza as pessoas de verdade, e n\u00e3o apenas no discurso. O resultado \u00e9 um<strong> clima organizacional mais positivo e colaborativo<\/strong>, onde os colaboradores se sentem seguros para contribuir com o seu melhor.<\/p>\n\n\n\n<p>Isso se traduz diretamente em <strong>redu\u00e7\u00e3o do <\/strong><a href=\"https:\/\/grupobrmed.com.br\/blog\/como-diminuir-o-absenteismo-no-trabalho\/\"><strong>absente\u00edsmo<\/strong><\/a><strong> e do <\/strong><a href=\"https:\/\/grupobrmed.com.br\/blog\/presenteismo-o-desafio-invisivel-que-afeta-a-produtividade-nas-empresas\/\"><strong>presente\u00edsmo<\/strong><\/a>, aquele fen\u00f4meno silencioso em que o profissional est\u00e1 de corpo presente, mas com a mente e a produtividade comprometidas. Colaboradores saud\u00e1veis e engajados produzem mais, inovam mais e permanecem mais tempo na empresa. A Organiza\u00e7\u00e3o Mundial da Sa\u00fade (OMS) estima que a perda de produtividade global ligada \u00e0 depress\u00e3o e \u00e0 ansiedade custa cerca de US$ 1 trilh\u00e3o por ano. Investir em preven\u00e7\u00e3o, portanto, n\u00e3o \u00e9 um gasto; \u00e9 uma das aloca\u00e7\u00f5es de recursos mais inteligentes que sua empresa pode fazer.<\/p>\n\n\n\n<h4 class=\"wp-block-heading\"><strong>Uma marca empregadora que inspira confian\u00e7a<\/strong><\/h4>\n\n\n\n<p>O conceito de <strong>marca empregadora (Employer Branding)<\/strong> nunca esteve t\u00e3o em alta. Profissionais, especialmente das novas gera\u00e7\u00f5es, n\u00e3o querem apenas um emprego; eles buscam um prop\u00f3sito e um alinhamento de valores com a organiza\u00e7\u00e3o onde dedicam grande parte do seu tempo. Uma empresa que se antecipa a uma legisla\u00e7\u00e3o t\u00e3o relevante como a <a href=\"https:\/\/grupobrmed.com.br\/blog\/nr1-saude-mental\/\">NR-1<\/a> demonstra maturidade de gest\u00e3o e um compromisso genu\u00edno com o pilar social do <a href=\"https:\/\/grupobrmed.com.br\/blog\/influencia-do-esg-na-saude-e-seguranca-dos-colaboradores\/\">ESG<\/a>.<\/p>\n\n\n\n<p>Essa postura proativa fortalece a reputa\u00e7\u00e3o da sua empresa no mercado, tornando-a uma escolha natural para os melhores profissionais e <strong>aumentando significativamente a reten\u00e7\u00e3o<\/strong> daqueles que j\u00e1 fazem parte do time. O resultado pr\u00e1tico \u00e9 a diminui\u00e7\u00e3o dos custos com turnover, que envolvem processos de recrutamento, sele\u00e7\u00e3o, integra\u00e7\u00e3o e <a href=\"https:\/\/grupobrmed.com.br\/blog\/treinamentos-de-seguranca-do-trabalho\/\">treinamento<\/a>, e a constru\u00e7\u00e3o de equipes mais est\u00e1veis, coesas e experientes. Em um cen\u00e1rio onde a disputa por talentos qualificados \u00e9 cada vez mais acirrada, ser reconhecido como um empregador que cuida de verdade \u00e9 um trunfo inestim\u00e1vel.<\/p>\n\n\n\n<h4 class=\"wp-block-heading\"><strong>Uma cultura de preven\u00e7\u00e3o que se torna DNA da empresa<\/strong><\/h4>\n\n\n\n<p>O maior benef\u00edcio de longo prazo, no entanto, \u00e9 a internaliza\u00e7\u00e3o de uma <strong>cultura de preven\u00e7\u00e3o<\/strong>. A <a href=\"https:\/\/grupobrmed.com.br\/nr-1\">NR-1<\/a>, quando bem implementada, deixa de ser apenas uma norma a ser cumprida e se torna parte do DNA da organiza\u00e7\u00e3o. Ela incentiva um olhar cont\u00ednuo e cr\u00edtico sobre processos, lideran\u00e7as e a organiza\u00e7\u00e3o do trabalho, buscando sempre a melhoria e o cuidado com as pessoas.<\/p>\n\n\n\n<p>Essa cultura cria um ciclo virtuoso poderoso: a preven\u00e7\u00e3o diminui os afastamentos, que por sua vez reduz custos operacionais e melhora a produtividade. Um ambiente melhor refor\u00e7a a cultura de cuidado, atrai novos talentos e fortalece a marca, e assim por diante. Esse \u00e9 um ativo intang\u00edvel que n\u00e3o pode ser copiado pela concorr\u00eancia e que garante a resili\u00eancia e a sustentabilidade do seu neg\u00f3cio a longo prazo. A preven\u00e7\u00e3o \u00e9 sempre mais eficaz e menos onerosa do que a remedia\u00e7\u00e3o, e a <a href=\"https:\/\/grupobrmed.com.br\/blog\/nr1-saude-mental\/\">NR-1<\/a> oferece a estrutura para que essa preven\u00e7\u00e3o seja organizada e cont\u00ednua.<\/p>\n\n\n\n<h3 class=\"wp-block-heading\"><strong>Seu pr\u00f3ximo passo: o Roadmap de Adequa\u00e7\u00e3o da BR MED<\/strong><\/h3>\n\n\n\n<p>A urg\u00eancia \u00e9 real, mas o desespero n\u00e3o \u00e9 a solu\u00e7\u00e3o. Agir de forma reativa e apressada nos \u00faltimos meses pode levar a uma adequa\u00e7\u00e3o superficial e ineficaz, que n\u00e3o resiste \u00e0 primeira fiscaliza\u00e7\u00e3o. A chave para uma adequa\u00e7\u00e3o bem-sucedida \u00e9 a estrat\u00e9gia.&nbsp;<\/p>\n\n\n\n<p>Na <strong>BR MED<\/strong>, entendemos que n\u00e3o existe uma solu\u00e7\u00e3o \u00fanica para todas as empresas, porque cada organiza\u00e7\u00e3o tem sua pr\u00f3pria realidade, seus desafios e seu n\u00edvel de maturidade. \u00c9 por isso que nosso <strong>Roadmap de adequa\u00e7\u00e3o \u00e0 <\/strong><a href=\"https:\/\/grupobrmed.com.br\/blog\/nr1-saude-mental\/\"><strong>NR-1<\/strong><\/a><strong> \u00e9 totalmente modular e flex\u00edvel<\/strong>. N\u00f3s n\u00e3o entregamos um pacote pronto. Primeiro, nossa equipe de especialistas <strong>escuta o seu cen\u00e1rio<\/strong>, diagnostica suas dores e entende onde sua empresa est\u00e1 hoje.&nbsp;<\/p>\n\n\n\n<p>A partir da\u00ed, desenhamos um plano de a\u00e7\u00e3o sob medida, onde cada fase funciona como uma entrega completa por si s\u00f3. Estamos aqui para garantir que sua empresa n\u00e3o apenas cumpra a norma, mas a transforme em um verdadeiro motor de crescimento.&nbsp;<\/p>\n\n\n\n<p><a href=\"https:\/\/grupobrmed.com.br\/nr-1\"><strong>N\u00e3o deixe para a \u00faltima hora. Fale com nossos especialistas e descubra como podemos ajudar sua empresa a dar esse passo estrat\u00e9gico.<\/strong><\/a><\/p>\n","protected":false},"excerpt":{"rendered":"<p>Com a nova NR-1 batendo \u00e0 porta em maio de 2026, a gest\u00e3o de riscos psicossociais \u00e9 obrigat\u00f3ria. Ir al\u00e9m da conformidade e antecipar a adequa\u00e7\u00e3o \u00e9 a chave para transformar uma obriga\u00e7\u00e3o legal em um poderoso diferencial de mercado.<\/p>\n","protected":false},"author":1,"featured_media":1609,"comment_status":"open","ping_status":"open","sticky":false,"template":"","format":"standard","meta":{"footnotes":""},"categories":[14,13],"tags":[32,179,43,41,107,155,55,84,33,34,31],"_links":{"self":[{"href":"https:\/\/grupobrmed.com.br\/blog\/wp-json\/wp\/v2\/posts\/1608"}],"collection":[{"href":"https:\/\/grupobrmed.com.br\/blog\/wp-json\/wp\/v2\/posts"}],"about":[{"href":"https:\/\/grupobrmed.com.br\/blog\/wp-json\/wp\/v2\/types\/post"}],"author":[{"embeddable":true,"href":"https:\/\/grupobrmed.com.br\/blog\/wp-json\/wp\/v2\/users\/1"}],"replies":[{"embeddable":true,"href":"https:\/\/grupobrmed.com.br\/blog\/wp-json\/wp\/v2\/comments?post=1608"}],"version-history":[{"count":1,"href":"https:\/\/grupobrmed.com.br\/blog\/wp-json\/wp\/v2\/posts\/1608\/revisions"}],"predecessor-version":[{"id":1610,"href":"https:\/\/grupobrmed.com.br\/blog\/wp-json\/wp\/v2\/posts\/1608\/revisions\/1610"}],"wp:featuredmedia":[{"embeddable":true,"href":"https:\/\/grupobrmed.com.br\/blog\/wp-json\/wp\/v2\/media\/1609"}],"wp:attachment":[{"href":"https:\/\/grupobrmed.com.br\/blog\/wp-json\/wp\/v2\/media?parent=1608"}],"wp:term":[{"taxonomy":"category","embeddable":true,"href":"https:\/\/grupobrmed.com.br\/blog\/wp-json\/wp\/v2\/categories?post=1608"},{"taxonomy":"post_tag","embeddable":true,"href":"https:\/\/grupobrmed.com.br\/blog\/wp-json\/wp\/v2\/tags?post=1608"}],"curies":[{"name":"wp","href":"https:\/\/api.w.org\/{rel}","templated":true}]}}