{"id":173,"date":"2024-07-17T19:54:38","date_gmt":"2024-07-17T19:54:38","guid":{"rendered":"https:\/\/grupobrmed.com.br\/blog\/?p=173"},"modified":"2025-03-07T13:24:03","modified_gmt":"2025-03-07T13:24:03","slug":"e-book-todos-a-bordo-diminua-os-riscos-de-acidentes-e-prejuizos-financeiros-provocados-por-adoecimento-mental","status":"publish","type":"post","link":"https:\/\/grupobrmed.com.br\/blog\/e-book-todos-a-bordo-diminua-os-riscos-de-acidentes-e-prejuizos-financeiros-provocados-por-adoecimento-mental\/","title":{"rendered":"E-book: Todos \u00e0 Bordo: Diminua os riscos de acidentes e preju\u00edzos financeiros provocados por adoecimento mental"},"content":{"rendered":"\n<p><strong>E-book da BR MED sobre adoecimento mental no offshore est\u00e1 dispon\u00edvel para download<\/strong><\/p>\n\n\n\n<p>O conte\u00fado apresenta os impactos e a import\u00e2ncia da sa\u00fade mental no setor de \u00d3leo e G\u00e1s<\/p>\n\n\n\n<p>O e-book \u2018Todos \u00e0 Bordo: Descubra como diminuir os riscos de acidentes e preju\u00edzos financeiros provocados por adoecimento mental no setor offshore\u2019 pode ser baixado gratuitamente no site da BR MED. Nele, voc\u00ea vai explorar estrat\u00e9gias especializadas para promover a sa\u00fade mental e o bem-estar dos colaboradores em ambientes desafiadores como os do offshore.<\/p>\n\n\n\n<p>A sa\u00fade mental dos trabalhadores se tornou uma preocupa\u00e7\u00e3o cada vez mais urgente e necess\u00e1ria no contexto atual. De acordo com o INSS, em rela\u00e7\u00e3o a dados comparativos com os demais setores, o setor offshore tem quatro vezes mais afastamentos por doen\u00e7as mentais. O ambiente de trabalho, influenciado por fatores de isolamento e alto grau de risco, esbo\u00e7a um quadro que exige a\u00e7\u00f5es inovadoras. O e-book tamb\u00e9m alerta sobre a relut\u00e2ncia de muitos trabalhadores em buscar ajuda profissional, reflexo do estigma em torno dos transtornos mentais e das desigualdades no acesso a servi\u00e7os relacionados \u00e0 sa\u00fade mental.<\/p>\n\n\n\n<p>O leitor tamb\u00e9m encontrar\u00e1 no e-book uma lista com cinco dicas pr\u00e1ticas para cultivar um ambiente de trabalho saud\u00e1vel e apoiar a sa\u00fade mental, al\u00e9m de reflex\u00f5es importantes com o Dr. Fabr\u00edcio Netto, Gerente M\u00e9dico da BR MED e Especialista no setor offshore. Com insights sobre a cultura organizacional, comunica\u00e7\u00e3o eficaz e estrat\u00e9gias de interven\u00e7\u00e3o, o conte\u00fado abordado capacita os profissionais de RH e M\u00e9dicos do Trabalho a criar ambientes de trabalho mais saud\u00e1veis e resilientes.<\/p>\n\n\n\n<p><strong><a href=\"https:\/\/grupobrmed.com.br\/ebook-saude-mental-offshore\">Clique aqui<\/a> <\/strong>e baixe agora o e-book \u2018Todos \u00e0 Bordo: Descubra como diminuir os riscos de acidentes e preju\u00edzos financeiros provocados por adoecimento mental no setor offshore\u2019.\u00a0<\/p>\n\n\n\n<h2 class=\"wp-block-heading\"><strong>Programa de Sa\u00fade Mental da BR MED<\/strong>&nbsp;<\/h2>\n\n\n\n<p>O e-book tamb\u00e9m apresenta o nosso Programa de Sa\u00fade Mental, voltado exclusivamente para empresas de Energia e \u00d3leo &amp; G\u00e1s. O objetivo da BR MED \u00e9 conceder um sistema integrado para fortalecer a sa\u00fade mental da sua equipe, mapeando e entendendo as necessidades espec\u00edficas desse cen\u00e1rio. Os pontos chaves do Programa tamb\u00e9m s\u00e3o refor\u00e7ados na leitura, enfatizando a necessidade de realizar um direcionamento com dados que ir\u00e3o capacitar a sua equipe a liderar a\u00e7\u00f5es de apoio aos colaboradores.&nbsp;<\/p>\n\n\n\n<p><a href=\"https:\/\/grupobrmed.com.br\/ebook-saude-mental-offshore\">Clique aqui<\/a> para saber mais informa\u00e7\u00f5es e contribua com a sua equipe atrav\u00e9s do Programa de Sa\u00fade Mental da BR MED.&nbsp;<\/p>\n\n\n\n<h2 class=\"wp-block-heading\"><strong>BR MED TALKS sobre Sa\u00fade Mental&nbsp;<\/strong><\/h2>\n\n\n\n<p>Por fim, o e-book compartilha o BR MED TALKS que aborda o tema de Sa\u00fade Mental, com a participa\u00e7\u00e3o do Dr. Gustavo Cardoso, m\u00e9dico do trabalho e Gerente M\u00e9dico da BR MED. Durante a entrevista, o m\u00e9dico abordou como o cuidado com a Sa\u00fade Mental dos trabalhadores \u00e9 fundamental para as empresas e explicou a import\u00e2ncia de programas e pol\u00edticas para promover suporte emocional adequado para o melhor gerenciamento do stress no ambiente do trabalho.&nbsp;<br><br><a href=\"https:\/\/www.youtube.com\/watch?v=0j9nF7YtLn0\" target=\"_blank\" rel=\"noopener\">Clique aqui<\/a> e assista agora!<\/p>\n","protected":false},"excerpt":{"rendered":"<p>E-book da BR MED sobre adoecimento mental no offshore est\u00e1 dispon\u00edvel para download O conte\u00fado apresenta os impactos e a import\u00e2ncia da sa\u00fade mental no setor de \u00d3leo e G\u00e1s O e-book \u2018Todos \u00e0 Bordo: Descubra como diminuir os riscos de acidentes e preju\u00edzos financeiros provocados por adoecimento mental no setor offshore\u2019 pode ser baixado [&hellip;]<\/p>\n","protected":false},"author":1,"featured_media":174,"comment_status":"closed","ping_status":"closed","sticky":false,"template":"","format":"standard","meta":{"footnotes":""},"categories":[16],"tags":[],"_links":{"self":[{"href":"https:\/\/grupobrmed.com.br\/blog\/wp-json\/wp\/v2\/posts\/173"}],"collection":[{"href":"https:\/\/grupobrmed.com.br\/blog\/wp-json\/wp\/v2\/posts"}],"about":[{"href":"https:\/\/grupobrmed.com.br\/blog\/wp-json\/wp\/v2\/types\/post"}],"author":[{"embeddable":true,"href":"https:\/\/grupobrmed.com.br\/blog\/wp-json\/wp\/v2\/users\/1"}],"replies":[{"embeddable":true,"href":"https:\/\/grupobrmed.com.br\/blog\/wp-json\/wp\/v2\/comments?post=173"}],"version-history":[{"count":5,"href":"https:\/\/grupobrmed.com.br\/blog\/wp-json\/wp\/v2\/posts\/173\/revisions"}],"predecessor-version":[{"id":1122,"href":"https:\/\/grupobrmed.com.br\/blog\/wp-json\/wp\/v2\/posts\/173\/revisions\/1122"}],"wp:featuredmedia":[{"embeddable":true,"href":"https:\/\/grupobrmed.com.br\/blog\/wp-json\/wp\/v2\/media\/174"}],"wp:attachment":[{"href":"https:\/\/grupobrmed.com.br\/blog\/wp-json\/wp\/v2\/media?parent=173"}],"wp:term":[{"taxonomy":"category","embeddable":true,"href":"https:\/\/grupobrmed.com.br\/blog\/wp-json\/wp\/v2\/categories?post=173"},{"taxonomy":"post_tag","embeddable":true,"href":"https:\/\/grupobrmed.com.br\/blog\/wp-json\/wp\/v2\/tags?post=173"}],"curies":[{"name":"wp","href":"https:\/\/api.w.org\/{rel}","templated":true}]}}